{"id":3462,"date":"2020-04-22T08:01:55","date_gmt":"2020-04-22T08:01:55","guid":{"rendered":"https:\/\/realagrado.com\/real-agrado-en-la-feria\/"},"modified":"2020-09-09T11:19:12","modified_gmt":"2020-09-09T11:19:12","slug":"real-agrado-en-la-feria","status":"publish","type":"post","link":"https:\/\/realagrado.com\/en\/real-agrado-en-la-feria\/","title":{"rendered":"A Limited Edition is launched to celebrate Asturias\u2019 Day"},"content":{"rendered":"<p>8th of September is Asturias\u2019 Day. In order to pay a hommage to our motherland we have launched a very special Limited Edition: 250 3-litre bottles of a special coupage, vintage 2014, crafted for this occassion. It will be available only in selected asturian bars and restaurants. The label includes our bike rider waving the asturian flag and our region colours (light blue and yellow) are present. <\/p>\n","protected":false},"excerpt":{"rendered":"<p>8th of September is Asturias\u2019 Day. In order to pay a hommage to our motherland we have launched a very special Limited Edition: 250 3-litre bottles of a special coupage, vintage 2014, crafted for this occassion. It will be available only in selected asturian bars and restaurants. The label includes our bike rider waving the [&hellip;]<\/p>\n","protected":false},"author":2,"featured_media":3150,"comment_status":"closed","ping_status":"closed","sticky":false,"template":"","format":"standard","meta":{"_et_pb_use_builder":"","_et_pb_old_content":"","_et_gb_content_width":"","footnotes":""},"categories":[45],"tags":[],"class_list":["post-3462","post","type-post","status-publish","format-standard","has-post-thumbnail","hentry","category-uncategorized"],"yoast_head":"<!-- This site is optimized with the Yoast SEO plugin v24.3 - https:\/\/yoast.com\/wordpress\/plugins\/seo\/ -->\n<title>A Limited Edition is launched to celebrate Asturias\u2019 Day - Real Agrado<\/title>\n<meta name=\"robots\" content=\"index, follow, max-snippet:-1, max-image-preview:large, max-video-preview:-1\" \/>\n<link rel=\"canonical\" href=\"https:\/\/realagrado.com\/en\/real-agrado-en-la-feria\/\" \/>\n<meta property=\"og:locale\" content=\"en_US\" \/>\n<meta property=\"og:type\" content=\"article\" \/>\n<meta property=\"og:title\" content=\"A Limited Edition is launched to celebrate Asturias\u2019 Day - Real Agrado\" \/>\n<meta property=\"og:description\" content=\"8th of September is Asturias\u2019 Day. In order to pay a hommage to our motherland we have launched a very special Limited Edition: 250 3-litre bottles of a special coupage, vintage 2014, crafted for this occassion. It will be available only in selected asturian bars and restaurants. The label includes our bike rider waving the [&hellip;]\" \/>\n<meta property=\"og:url\" content=\"https:\/\/realagrado.com\/en\/real-agrado-en-la-feria\/\" \/>\n<meta property=\"og:site_name\" content=\"Real Agrado\" \/>\n<meta property=\"article:published_time\" content=\"2020-04-22T08:01:55+00:00\" \/>\n<meta property=\"article:modified_time\" content=\"2020-09-09T11:19:12+00:00\" \/>\n<meta property=\"og:image\" content=\"https:\/\/realagrado.com\/wp-content\/uploads\/2020\/04\/ASTURIAS-2020-1-1.jpg\" \/>\n\t<meta property=\"og:image:width\" content=\"800\" \/>\n\t<meta property=\"og:image:height\" content=\"506\" \/>\n\t<meta property=\"og:image:type\" content=\"image\/jpeg\" \/>\n<meta name=\"author\" content=\"Eduardo Cuevas\" \/>\n<meta name=\"twitter:card\" content=\"summary_large_image\" \/>\n<meta name=\"twitter:label1\" content=\"Written by\" \/>\n\t<meta name=\"twitter:data1\" content=\"Eduardo Cuevas\" \/>\n<script type=\"application\/ld+json\" class=\"yoast-schema-graph\">{\"@context\":\"https:\/\/schema.org\",\"@graph\":[{\"@type\":\"WebPage\",\"@id\":\"https:\/\/realagrado.com\/en\/real-agrado-en-la-feria\/\",\"url\":\"https:\/\/realagrado.com\/en\/real-agrado-en-la-feria\/\",\"name\":\"A Limited Edition is launched to celebrate Asturias\u2019 Day - Real Agrado\",\"isPartOf\":{\"@id\":\"https:\/\/realagrado.com\/#website\"},\"primaryImageOfPage\":{\"@id\":\"https:\/\/realagrado.com\/en\/real-agrado-en-la-feria\/#primaryimage\"},\"image\":{\"@id\":\"https:\/\/realagrado.com\/en\/real-agrado-en-la-feria\/#primaryimage\"},\"thumbnailUrl\":\"https:\/\/realagrado.com\/wp-content\/uploads\/2020\/04\/ASTURIAS-2020-1-1.jpg\",\"datePublished\":\"2020-04-22T08:01:55+00:00\",\"dateModified\":\"2020-09-09T11:19:12+00:00\",\"author\":{\"@id\":\"https:\/\/realagrado.com\/#\/schema\/person\/bfbbdcc9b7d38cd2692350f40d88c827\"},\"breadcrumb\":{\"@id\":\"https:\/\/realagrado.com\/en\/real-agrado-en-la-feria\/#breadcrumb\"},\"inLanguage\":\"en-US\",\"potentialAction\":[{\"@type\":\"ReadAction\",\"target\":[\"https:\/\/realagrado.com\/en\/real-agrado-en-la-feria\/\"]}]},{\"@type\":\"ImageObject\",\"inLanguage\":\"en-US\",\"@id\":\"https:\/\/realagrado.com\/en\/real-agrado-en-la-feria\/#primaryimage\",\"url\":\"https:\/\/realagrado.com\/wp-content\/uploads\/2020\/04\/ASTURIAS-2020-1-1.jpg\",\"contentUrl\":\"https:\/\/realagrado.com\/wp-content\/uploads\/2020\/04\/ASTURIAS-2020-1-1.jpg\",\"width\":800,\"height\":506},{\"@type\":\"BreadcrumbList\",\"@id\":\"https:\/\/realagrado.com\/en\/real-agrado-en-la-feria\/#breadcrumb\",\"itemListElement\":[{\"@type\":\"ListItem\",\"position\":1,\"name\":\"Portada\",\"item\":\"https:\/\/realagrado.com\/en\/\"},{\"@type\":\"ListItem\",\"position\":2,\"name\":\"A Limited Edition is launched to celebrate Asturias\u2019 Day\"}]},{\"@type\":\"WebSite\",\"@id\":\"https:\/\/realagrado.com\/#website\",\"url\":\"https:\/\/realagrado.com\/\",\"name\":\"Real Agrado\",\"description\":\"Real Agrado comienza en 1974 con la plantaci\u00f3n de vi\u00f1edo en las 100 hect\u00e1reas que poseemos, situadas entre los municipios riojanos de Aldeanueva de Ebro y Alfaro.\",\"potentialAction\":[{\"@type\":\"SearchAction\",\"target\":{\"@type\":\"EntryPoint\",\"urlTemplate\":\"https:\/\/realagrado.com\/?s={search_term_string}\"},\"query-input\":{\"@type\":\"PropertyValueSpecification\",\"valueRequired\":true,\"valueName\":\"search_term_string\"}}],\"inLanguage\":\"en-US\"},{\"@type\":\"Person\",\"@id\":\"https:\/\/realagrado.com\/#\/schema\/person\/bfbbdcc9b7d38cd2692350f40d88c827\",\"name\":\"Eduardo Cuevas\",\"image\":{\"@type\":\"ImageObject\",\"inLanguage\":\"en-US\",\"@id\":\"https:\/\/realagrado.com\/#\/schema\/person\/image\/\",\"url\":\"https:\/\/secure.gravatar.com\/avatar\/ec447ea288ac062f24088c5cccb590dde51ce482e4e8fd323abe700666b07b7d?s=96&d=mm&r=g\",\"contentUrl\":\"https:\/\/secure.gravatar.com\/avatar\/ec447ea288ac062f24088c5cccb590dde51ce482e4e8fd323abe700666b07b7d?s=96&d=mm&r=g\",\"caption\":\"Eduardo Cuevas\"},\"url\":\"https:\/\/realagrado.com\/en\/author\/creativoro\/\"}]}<\/script>\n<!-- \/ Yoast SEO plugin. -->","yoast_head_json":{"title":"A Limited Edition is launched to celebrate Asturias\u2019 Day - Real Agrado","robots":{"index":"index","follow":"follow","max-snippet":"max-snippet:-1","max-image-preview":"max-image-preview:large","max-video-preview":"max-video-preview:-1"},"canonical":"https:\/\/realagrado.com\/en\/real-agrado-en-la-feria\/","og_locale":"en_US","og_type":"article","og_title":"A Limited Edition is launched to celebrate Asturias\u2019 Day - Real Agrado","og_description":"8th of September is Asturias\u2019 Day. In order to pay a hommage to our motherland we have launched a very special Limited Edition: 250 3-litre bottles of a special coupage, vintage 2014, crafted for this occassion. It will be available only in selected asturian bars and restaurants. The label includes our bike rider waving the [&hellip;]","og_url":"https:\/\/realagrado.com\/en\/real-agrado-en-la-feria\/","og_site_name":"Real Agrado","article_published_time":"2020-04-22T08:01:55+00:00","article_modified_time":"2020-09-09T11:19:12+00:00","og_image":[{"width":800,"height":506,"url":"https:\/\/realagrado.com\/wp-content\/uploads\/2020\/04\/ASTURIAS-2020-1-1.jpg","type":"image\/jpeg"}],"author":"Eduardo Cuevas","twitter_card":"summary_large_image","twitter_misc":{"Written by":"Eduardo Cuevas"},"schema":{"@context":"https:\/\/schema.org","@graph":[{"@type":"WebPage","@id":"https:\/\/realagrado.com\/en\/real-agrado-en-la-feria\/","url":"https:\/\/realagrado.com\/en\/real-agrado-en-la-feria\/","name":"A Limited Edition is launched to celebrate Asturias\u2019 Day - Real Agrado","isPartOf":{"@id":"https:\/\/realagrado.com\/#website"},"primaryImageOfPage":{"@id":"https:\/\/realagrado.com\/en\/real-agrado-en-la-feria\/#primaryimage"},"image":{"@id":"https:\/\/realagrado.com\/en\/real-agrado-en-la-feria\/#primaryimage"},"thumbnailUrl":"https:\/\/realagrado.com\/wp-content\/uploads\/2020\/04\/ASTURIAS-2020-1-1.jpg","datePublished":"2020-04-22T08:01:55+00:00","dateModified":"2020-09-09T11:19:12+00:00","author":{"@id":"https:\/\/realagrado.com\/#\/schema\/person\/bfbbdcc9b7d38cd2692350f40d88c827"},"breadcrumb":{"@id":"https:\/\/realagrado.com\/en\/real-agrado-en-la-feria\/#breadcrumb"},"inLanguage":"en-US","potentialAction":[{"@type":"ReadAction","target":["https:\/\/realagrado.com\/en\/real-agrado-en-la-feria\/"]}]},{"@type":"ImageObject","inLanguage":"en-US","@id":"https:\/\/realagrado.com\/en\/real-agrado-en-la-feria\/#primaryimage","url":"https:\/\/realagrado.com\/wp-content\/uploads\/2020\/04\/ASTURIAS-2020-1-1.jpg","contentUrl":"https:\/\/realagrado.com\/wp-content\/uploads\/2020\/04\/ASTURIAS-2020-1-1.jpg","width":800,"height":506},{"@type":"BreadcrumbList","@id":"https:\/\/realagrado.com\/en\/real-agrado-en-la-feria\/#breadcrumb","itemListElement":[{"@type":"ListItem","position":1,"name":"Portada","item":"https:\/\/realagrado.com\/en\/"},{"@type":"ListItem","position":2,"name":"A Limited Edition is launched to celebrate Asturias\u2019 Day"}]},{"@type":"WebSite","@id":"https:\/\/realagrado.com\/#website","url":"https:\/\/realagrado.com\/","name":"Real Agrado","description":"Real Agrado comienza en 1974 con la plantaci\u00f3n de vi\u00f1edo en las 100 hect\u00e1reas que poseemos, situadas entre los municipios riojanos de Aldeanueva de Ebro y Alfaro.","potentialAction":[{"@type":"SearchAction","target":{"@type":"EntryPoint","urlTemplate":"https:\/\/realagrado.com\/?s={search_term_string}"},"query-input":{"@type":"PropertyValueSpecification","valueRequired":true,"valueName":"search_term_string"}}],"inLanguage":"en-US"},{"@type":"Person","@id":"https:\/\/realagrado.com\/#\/schema\/person\/bfbbdcc9b7d38cd2692350f40d88c827","name":"Eduardo Cuevas","image":{"@type":"ImageObject","inLanguage":"en-US","@id":"https:\/\/realagrado.com\/#\/schema\/person\/image\/","url":"https:\/\/secure.gravatar.com\/avatar\/ec447ea288ac062f24088c5cccb590dde51ce482e4e8fd323abe700666b07b7d?s=96&d=mm&r=g","contentUrl":"https:\/\/secure.gravatar.com\/avatar\/ec447ea288ac062f24088c5cccb590dde51ce482e4e8fd323abe700666b07b7d?s=96&d=mm&r=g","caption":"Eduardo Cuevas"},"url":"https:\/\/realagrado.com\/en\/author\/creativoro\/"}]}},"jetpack_featured_media_url":"https:\/\/realagrado.com\/wp-content\/uploads\/2020\/04\/ASTURIAS-2020-1-1.jpg","_links":{"self":[{"href":"https:\/\/realagrado.com\/en\/wp-json\/wp\/v2\/posts\/3462","targetHints":{"allow":["GET"]}}],"collection":[{"href":"https:\/\/realagrado.com\/en\/wp-json\/wp\/v2\/posts"}],"about":[{"href":"https:\/\/realagrado.com\/en\/wp-json\/wp\/v2\/types\/post"}],"author":[{"embeddable":true,"href":"https:\/\/realagrado.com\/en\/wp-json\/wp\/v2\/users\/2"}],"replies":[{"embeddable":true,"href":"https:\/\/realagrado.com\/en\/wp-json\/wp\/v2\/comments?post=3462"}],"version-history":[{"count":1,"href":"https:\/\/realagrado.com\/en\/wp-json\/wp\/v2\/posts\/3462\/revisions"}],"predecessor-version":[{"id":3463,"href":"https:\/\/realagrado.com\/en\/wp-json\/wp\/v2\/posts\/3462\/revisions\/3463"}],"wp:featuredmedia":[{"embeddable":true,"href":"https:\/\/realagrado.com\/en\/wp-json\/wp\/v2\/media\/3150"}],"wp:attachment":[{"href":"https:\/\/realagrado.com\/en\/wp-json\/wp\/v2\/media?parent=3462"}],"wp:term":[{"taxonomy":"category","embeddable":true,"href":"https:\/\/realagrado.com\/en\/wp-json\/wp\/v2\/categories?post=3462"},{"taxonomy":"post_tag","embeddable":true,"href":"https:\/\/realagrado.com\/en\/wp-json\/wp\/v2\/tags?post=3462"}],"curies":[{"name":"wp","href":"https:\/\/api.w.org\/{rel}","templated":true}]}}